{"id":179,"date":"2011-01-10T11:22:00","date_gmt":"2011-01-10T10:22:00","guid":{"rendered":"http:\/\/www.elmer-herzig.de\/?p=179"},"modified":"2017-10-07T13:14:59","modified_gmt":"2017-10-07T12:14:59","slug":"brief-an-bundeskanzlerin-merkel","status":"publish","type":"post","link":"https:\/\/elmer-herzig.de\/?p=179","title":{"rendered":"Brief an Bundeskanzlerin Merkel"},"content":{"rendered":"<p>Konrad Elmer-Herzig (ehem. MdB Konrad Elmer)\u00a0Nansenstr. 6<br \/>\n14471 Potsdam<br \/>\nTel.: 0331 \/ 95 12 904<br \/>\nFax.: 0331 \/ 95 12 903<br \/>\nEmail: <a href=\"mailto:elmer-herzig@gmx.de\">elmer-herzig@gmx.de<\/a><br \/>\nDr. Konrad Elmer-Herzig \u2022 Nansenstr. 6 \u2022 14471 Potsdam<br \/>\nAn die Bundeskanzlerin der Bundesrepublik\u00a0 Deutschland<br \/>\nDr. Angela Merkel<br \/>\nBundeskanzleramt<br \/>\n10178 Berlin<br \/>\nPotsdam, den 9. 11. 2009<br \/>\nBetrifft: Verfassungserg\u00e4nzung<br \/>\nBezug: mein Brief vom 1.10. 2006 u. Ihre Antwort AZ 132-K-012314\/06\/0001 von Katja Neumann<br \/>\nSehr geehrte Frau Bundeskanzlerin Dr. Angela Merkel,<br \/>\nendlich ist der Lissabonvertrag unter Dach und Fach und damit auch jener Satz in der Pr\u00e4ambel zur Grundrechtecharta:<\/p>\n<p>\u201eDie Aus\u00fcbung dieser Rechte ist mit Verantwortung und Pflichten sowohl gegen\u00fcber den Mitmen-schen als auch gegen\u00fcber der menschlichen Gemeinschaft &#8230; verbunden.\u201c<\/p>\n<p>W\u00e4re es da nicht ein Leichtes, diesen Gedanken nun auch in unser Grundgesetzt einzuf\u00fcgen in Gestalt jener sch\u00f6nen Wendung Ihres fr\u00fcheren Kollegen Horst Eylmann von 1994:<\/p>\n<p>\u201e&#8230;.auf Mitmenschlichkeit und Gemeinsinn aller vertrauend, &#8230;..hat sich das Dt. Volk&#8230;.dieses Grundgesetz gegeben.\u201c?<\/p>\n<p>Dies w\u00e4re ein starkes Signal, wie ernst wir europ\u00e4ische Verfassungstexte nehmen, und zugleich eine sp\u00e4te W\u00fcrdigung ostdeutscher Bem\u00fchungen zur Verfassungsdiskussion im Anschluss an unsere Friedlichen Revolution.<br \/>\nMit freundlichen Gr\u00fc\u00dfen<br \/>\nKonrad Elmer-Herzig<\/p>\n","protected":false},"excerpt":{"rendered":"<p>Konrad Elmer-Herzig (ehem. MdB Konrad Elmer)\u00a0Nansenstr. 6 14471 Potsdam Tel.: 0331 \/ 95 12 904 Fax.: 0331 \/ 95 12 903 Email: elmer-herzig@gmx.de Dr. Konrad Elmer-Herzig \u2022 Nansenstr. 6 \u2022 14471 Potsdam An die Bundeskanzlerin der Bundesrepublik\u00a0 Deutschland Dr. Angela Merkel Bundeskanzleramt 10178 Berlin Potsdam, den 9. 11. 2009 Betrifft: Verfassungserg\u00e4nzung Bezug: mein Brief vom [&hellip;]<\/p>\n","protected":false},"author":2,"featured_media":0,"comment_status":"open","ping_status":"closed","sticky":false,"template":"","format":"standard","meta":{"footnotes":""},"categories":[1],"tags":[],"_links":{"self":[{"href":"https:\/\/elmer-herzig.de\/index.php?rest_route=\/wp\/v2\/posts\/179"}],"collection":[{"href":"https:\/\/elmer-herzig.de\/index.php?rest_route=\/wp\/v2\/posts"}],"about":[{"href":"https:\/\/elmer-herzig.de\/index.php?rest_route=\/wp\/v2\/types\/post"}],"author":[{"embeddable":true,"href":"https:\/\/elmer-herzig.de\/index.php?rest_route=\/wp\/v2\/users\/2"}],"replies":[{"embeddable":true,"href":"https:\/\/elmer-herzig.de\/index.php?rest_route=%2Fwp%2Fv2%2Fcomments&post=179"}],"version-history":[{"count":10,"href":"https:\/\/elmer-herzig.de\/index.php?rest_route=\/wp\/v2\/posts\/179\/revisions"}],"predecessor-version":[{"id":383,"href":"https:\/\/elmer-herzig.de\/index.php?rest_route=\/wp\/v2\/posts\/179\/revisions\/383"}],"wp:attachment":[{"href":"https:\/\/elmer-herzig.de\/index.php?rest_route=%2Fwp%2Fv2%2Fmedia&parent=179"}],"wp:term":[{"taxonomy":"category","embeddable":true,"href":"https:\/\/elmer-herzig.de\/index.php?rest_route=%2Fwp%2Fv2%2Fcategories&post=179"},{"taxonomy":"post_tag","embeddable":true,"href":"https:\/\/elmer-herzig.de\/index.php?rest_route=%2Fwp%2Fv2%2Ftags&post=179"}],"curies":[{"name":"wp","href":"https:\/\/api.w.org\/{rel}","templated":true}]}}