{"id":99,"date":"2009-11-05T17:12:52","date_gmt":"2009-11-05T16:12:52","guid":{"rendered":"http:\/\/www.elmer-herzig.de\/?p=99"},"modified":"2017-10-07T13:21:03","modified_gmt":"2017-10-07T12:21:03","slug":"4-thesen-zur-erinnerung-an-den-4-11-1989","status":"publish","type":"post","link":"https:\/\/elmer-herzig.de\/?p=99","title":{"rendered":"4 Thesen zur Erinnerung an den 4. 11. 1989"},"content":{"rendered":"<p style=\"text-align: justify;\">1. Es ist nicht gelungen, den Wunder-bewirkenden Geist der friedlichen Revolution des Herbstes 89, den Geist der freien politischen Bet\u00e4tigung der B\u00fcrgerinnen und B\u00fcrger (\u201eWir sind das Volk\u201c) auf Dauer wirksam werden zu lassen.<\/p>\n<p>2. Dazu h\u00e4tten wir den Runden Tischen eine von unten (Wohnbezirk) nach oben (Stadt, Region, Land, Bund) repr\u00e4sentative Struktur durch gew\u00e4hlte Delegierte f\u00fcr die jeweils n\u00e4chsth\u00f6here Ebene geben m\u00fcssen. Nur so h\u00e4tten die Runden Tische dem Entmachtungsargument der Parteien begegnen k\u00f6nnen: \u201eIhr seid ja gar nicht repr\u00e4sentativ, nicht demokratisch legitimiert, wie wir, die wir aus den ersten freien Wahlen hervorgegangenen sind\u201c.<\/p>\n<p>3. Inzwischen merken immer mehr Menschen, vor allem auch die, welche in den Parteien t\u00e4tig sind, dass die Parteiendemokratie, wegen der innerparteilichen Hierarchie, der W\u00fcrde eines freien B\u00fcrgers abtr\u00e4glich ist. Er muss n\u00e4mlich, will er in diesen Strukturen erfolgreich sein, sich den Oberen andienen. Und wenn er selber Oben ist und noch einen Funken W\u00fcrdebewusstsein besitzt, wird ihn das Andienen der unteren R\u00e4nge anwidern. Es gibt in diesen Strukturen keine wirkliche Freiheit. Freiheit ben\u00f6tigt den relativ herrschaftsfreien Raum eines runden Tisches, an dem ein seiner W\u00fcrde bewusster Mensch als Gleicher unter Gleichen das Wort ergreifen kann.<\/p>\n<p>4. Das w\u00e4hrend der friedlichen Revolution Vers\u00e4umte l\u00e4sst sich nachholen. Jeder k\u00f6nnte jederzeit in seinem Wohnbezirk mit einem Runden Tisch freier politischer Kommunikation beginnen, um diesen sp\u00e4ter mit entsprechenden Tischen in benachbarten Wohnbezirken zu vernetzen, um mit den gew\u00e4hlten Delegierten Runde Tische h\u00f6herer Ebene zu bilden. Dann wird sich zeigen, dass diese Art der politischen Legitimation gegen\u00fcber der der Parteiendemokratie sich auf Dauer als die wahrhaftige erweist.<\/p>\n<p>Potsdam, am Reformationstag 2009<br \/>\n<strong><br \/>\n\u201eSie werden kommen von Osten und Westen,<br \/>\nvon Norden und S\u00fcden und zu Tisch sitzen<br \/>\nim Reich Gottes.\u201c Lk 13,29<\/strong><\/p>\n<p><strong>\u201e\u2026wie im Himmel, so auf Erden\u201c Mt 6,10<\/strong><\/p>\n","protected":false},"excerpt":{"rendered":"<p>1. Es ist nicht gelungen, den Wunder-bewirkenden Geist der friedlichen Revolution des Herbstes 89, den Geist der freien politischen Bet\u00e4tigung der B\u00fcrgerinnen und B\u00fcrger (\u201eWir sind das Volk\u201c) auf Dauer wirksam werden zu lassen. 2. Dazu h\u00e4tten wir den Runden Tischen eine von unten (Wohnbezirk) nach oben (Stadt, Region, Land, Bund) repr\u00e4sentative Struktur durch gew\u00e4hlte [&hellip;]<\/p>\n","protected":false},"author":2,"featured_media":0,"comment_status":"open","ping_status":"open","sticky":false,"template":"","format":"standard","meta":{"footnotes":""},"categories":[1],"tags":[38,40,39,16,41],"_links":{"self":[{"href":"https:\/\/elmer-herzig.de\/index.php?rest_route=\/wp\/v2\/posts\/99"}],"collection":[{"href":"https:\/\/elmer-herzig.de\/index.php?rest_route=\/wp\/v2\/posts"}],"about":[{"href":"https:\/\/elmer-herzig.de\/index.php?rest_route=\/wp\/v2\/types\/post"}],"author":[{"embeddable":true,"href":"https:\/\/elmer-herzig.de\/index.php?rest_route=\/wp\/v2\/users\/2"}],"replies":[{"embeddable":true,"href":"https:\/\/elmer-herzig.de\/index.php?rest_route=%2Fwp%2Fv2%2Fcomments&post=99"}],"version-history":[{"count":5,"href":"https:\/\/elmer-herzig.de\/index.php?rest_route=\/wp\/v2\/posts\/99\/revisions"}],"predecessor-version":[{"id":384,"href":"https:\/\/elmer-herzig.de\/index.php?rest_route=\/wp\/v2\/posts\/99\/revisions\/384"}],"wp:attachment":[{"href":"https:\/\/elmer-herzig.de\/index.php?rest_route=%2Fwp%2Fv2%2Fmedia&parent=99"}],"wp:term":[{"taxonomy":"category","embeddable":true,"href":"https:\/\/elmer-herzig.de\/index.php?rest_route=%2Fwp%2Fv2%2Fcategories&post=99"},{"taxonomy":"post_tag","embeddable":true,"href":"https:\/\/elmer-herzig.de\/index.php?rest_route=%2Fwp%2Fv2%2Ftags&post=99"}],"curies":[{"name":"wp","href":"https:\/\/api.w.org\/{rel}","templated":true}]}}